{"id":467,"date":"2014-11-20T11:07:56","date_gmt":"2014-11-20T10:07:56","guid":{"rendered":"http:\/\/www.glassmuseum.eu\/ausstellungen-und-veranstalltungen\/vanoce-v-muzeu-po-stopach-letokruhu-2.html"},"modified":"2015-01-22T14:36:05","modified_gmt":"2015-01-22T13:36:05","slug":"vanoce-v-muzeu-po-stopach-letokruhu","status":"publish","type":"post","link":"https:\/\/www.glassmuseum.eu\/de\/ausstellungen-und-veranstalltungen\/archiv-akci-de\/vanoce-v-muzeu-po-stopach-letokruhu.html","title":{"rendered":"V\u00c1NOCE V MUZEU &#8211; Po stop\u00e1ch letokruh\u016f"},"content":{"rendered":"<p><a href=\"http:\/\/www.glassmuseum.eu\/wp-content\/uploads\/2014\/11\/Plak\u00e1t-v\u00e1noce-jpg.jpg\"><img loading=\"lazy\" class=\"alignleft wp-image-465 size-medium\" src=\"http:\/\/www.glassmuseum.eu\/wp-content\/uploads\/2014\/11\/Plak\u00e1t-v\u00e1noce-jpg-210x300.jpg\" alt=\"Plak\u00e1t v\u00e1noce jpg\" width=\"210\" height=\"300\" srcset=\"https:\/\/www.glassmuseum.eu\/wp-content\/uploads\/2014\/11\/Plak\u00e1t-v\u00e1noce-jpg-210x300.jpg 210w, https:\/\/www.glassmuseum.eu\/wp-content\/uploads\/2014\/11\/Plak\u00e1t-v\u00e1noce-jpg-719x1024.jpg 719w, https:\/\/www.glassmuseum.eu\/wp-content\/uploads\/2014\/11\/Plak\u00e1t-v\u00e1noce-jpg-600x854.jpg 600w, https:\/\/www.glassmuseum.eu\/wp-content\/uploads\/2014\/11\/Plak\u00e1t-v\u00e1noce-jpg.jpg 1583w\" sizes=\"(max-width: 210px) 100vw, 210px\" \/><\/a><\/p>\n<p>Leto\u0161n\u00ed, ji\u017e \u0161est\u00fd ro\u010dn\u00edk V\u00e1noc v\u00a0muzeu od 8. do 19. prosince 2014 jsme se zam\u011b\u0159ili na vyu\u017eit\u00ed d\u0159eva ve skl\u00e1\u0159stv\u00ed.<\/p>\n<p>V\u00a0t\u00fddnu od 8. do 12. prosince 2014 jsme p\u0159iv\u00edtali d\u011bti ze z\u00e1kladn\u00edch a mate\u0159sk\u00fdch \u0161kol. Pro velk\u00fd z\u00e1jem jsme museli p\u0159idat i dva dny v\u00a0n\u00e1sleduj\u00edc\u00edm t\u00fddnu 17. a 18. prosince 2014.<\/p>\n<p>O v\u00edkendu 13. a 14. prosince 2014 byl p\u0159ipraven program pro rodiny s\u00a0d\u011btmi.\u00a0N\u00e1v\u0161t\u011bvn\u00edci si mohli vyzkou\u0161et vyrobit d\u0159ev\u011bnou v\u00e1no\u010dn\u00ed ozdobu, st\u0159ih na skl\u00e1\u0159skou formu, sezn\u00e1mili se s\u00a0v\u00fdrobou d\u0159ev\u011bn\u00fdch skl\u00e1\u0159sk\u00fdch forem a vyplnili z\u00e1bavn\u00e9 \u00fakoly na t\u00e9ma vyu\u017eit\u00ed d\u0159eva ve skl\u00e1\u0159stv\u00ed. P\u0159\u00edjemnou v\u00e1no\u010dn\u00ed atmosf\u00e9ru rozz\u00e1\u0159il tak\u00e9 p\u011bveck\u00fd sbor Sklen\u011bnky koncertem po oba v\u00edkendov\u00e9 dny 17. a 18. prosince 2014.<\/p>\n<p>Muzeum na t\u00e9to kulturn\u00ed aktivit\u011b nav\u0161t\u00edvilo celkem 839 n\u00e1v\u0161t\u011bvn\u00edk\u016f. To bylo nejv\u00edce za v\u0161ech \u0161est ro\u010dn\u00edk\u016f. \u00a0Za nejv\u011bt\u0161\u00ed p\u0159\u00ednos leto\u0161n\u00edho ro\u010dn\u00edku a tohoto projektu pova\u017eujeme spolupr\u00e1ci s\u00a0novoborskou skl\u00e1\u0159skou \u0161kolou. Ta poskytla materi\u00e1l, zajistila pom\u011brn\u011b n\u00e1ro\u010dn\u00e9 nast\u011bhov\u00e1n\u00ed stroj\u016f na opracov\u00e1n\u00ed d\u0159eva do muzea a nav\u00edc poskytla i sv\u00e9 zam\u011bstnance a \u017e\u00e1ky pro n\u00e1zornou uk\u00e1zku v\u00fdroby forem a opracov\u00e1n\u00ed d\u0159eva. U\u010ditel\u00e9 \u0161kol, ale i n\u00e1v\u0161t\u011bvn\u00edci z\u00a0\u0159ad ve\u0159ejnosti si pochvalovali p\u0159edev\u0161\u00edm mo\u017enost n\u00e1zorn\u00e9 uk\u00e1zky postupu v\u00fdroby forem.\u00a0Projekt podpo\u0159il Libereck\u00fd kraj.<\/p>\n\n\t\t<style type=\"text\/css\">\n\t\t\t#gallery-1 {\n\t\t\t\tmargin: auto;\n\t\t\t}\n\t\t\t#gallery-1 .gallery-item {\n\t\t\t\tfloat: left;\n\t\t\t\tmargin-top: 10px;\n\t\t\t\ttext-align: center;\n\t\t\t\twidth: 33%;\n\t\t\t}\n\t\t\t#gallery-1 img {\n\t\t\t\tborder: 2px solid #cfcfcf;\n\t\t\t}\n\t\t\t#gallery-1 .gallery-caption {\n\t\t\t\tmargin-left: 0;\n\t\t\t}\n\t\t\t\/* see gallery_shortcode() in wp-includes\/media.php *\/\n\t\t<\/style>\n\t\t<div id='gallery-1' class='gallery galleryid-467 gallery-columns-3 gallery-size-thumbnail'><dl class='gallery-item'>\n\t\t\t<dt class='gallery-icon landscape'>\n\t\t\t\t<a href='https:\/\/www.glassmuseum.eu\/de\/ausstellungen-und-veranstalltungen\/archiv-akci-de\/vanoce-v-muzeu-po-stopach-letokruhu.html\/attachment\/olympus-digital-camera-10'><img width=\"150\" height=\"150\" src=\"https:\/\/www.glassmuseum.eu\/wp-content\/uploads\/2014\/11\/PC090743-150x150.jpg\" class=\"attachment-thumbnail size-thumbnail\" alt=\"\" loading=\"lazy\" \/><\/a>\n\t\t\t<\/dt><\/dl><dl class='gallery-item'>\n\t\t\t<dt class='gallery-icon landscape'>\n\t\t\t\t<a href='https:\/\/www.glassmuseum.eu\/de\/ausstellungen-und-veranstalltungen\/archiv-akci-de\/vanoce-v-muzeu-po-stopach-letokruhu.html\/attachment\/olympus-digital-camera-2-2'><img width=\"150\" height=\"150\" src=\"https:\/\/www.glassmuseum.eu\/wp-content\/uploads\/2014\/11\/PC090748-150x150.jpg\" class=\"attachment-thumbnail size-thumbnail\" alt=\"\" loading=\"lazy\" \/><\/a>\n\t\t\t<\/dt><\/dl><dl class='gallery-item'>\n\t\t\t<dt class='gallery-icon landscape'>\n\t\t\t\t<a href='https:\/\/www.glassmuseum.eu\/de\/ausstellungen-und-veranstalltungen\/archiv-akci-de\/vanoce-v-muzeu-po-stopach-letokruhu.html\/attachment\/o-2'><img width=\"150\" height=\"150\" src=\"https:\/\/www.glassmuseum.eu\/wp-content\/uploads\/2014\/11\/PC090759-150x150.jpg\" class=\"attachment-thumbnail size-thumbnail\" alt=\"\" loading=\"lazy\" \/><\/a>\n\t\t\t<\/dt><\/dl><br style=\"clear: both\" \/><dl class='gallery-item'>\n\t\t\t<dt class='gallery-icon landscape'>\n\t\t\t\t<a href='https:\/\/www.glassmuseum.eu\/de\/ausstellungen-und-veranstalltungen\/archiv-akci-de\/vanoce-v-muzeu-po-stopach-letokruhu.html\/attachment\/olympus-digital-camera-3-2'><img width=\"150\" height=\"150\" src=\"https:\/\/www.glassmuseum.eu\/wp-content\/uploads\/2014\/11\/PC090764-150x150.jpg\" class=\"attachment-thumbnail size-thumbnail\" alt=\"\" loading=\"lazy\" \/><\/a>\n\t\t\t<\/dt><\/dl><dl class='gallery-item'>\n\t\t\t<dt class='gallery-icon landscape'>\n\t\t\t\t<a href='https:\/\/www.glassmuseum.eu\/de\/ausstellungen-und-veranstalltungen\/archiv-akci-de\/vanoce-v-muzeu-po-stopach-letokruhu.html\/attachment\/olympus-digital-camera-4-2'><img width=\"150\" height=\"150\" src=\"https:\/\/www.glassmuseum.eu\/wp-content\/uploads\/2014\/11\/PC090767-150x150.jpg\" class=\"attachment-thumbnail size-thumbnail\" alt=\"\" loading=\"lazy\" \/><\/a>\n\t\t\t<\/dt><\/dl><dl class='gallery-item'>\n\t\t\t<dt class='gallery-icon landscape'>\n\t\t\t\t<a href='https:\/\/www.glassmuseum.eu\/de\/ausstellungen-und-veranstalltungen\/archiv-akci-de\/vanoce-v-muzeu-po-stopach-letokruhu.html\/attachment\/olympus-digital-camera-5-2'><img width=\"150\" height=\"150\" src=\"https:\/\/www.glassmuseum.eu\/wp-content\/uploads\/2014\/11\/PC090779-150x150.jpg\" class=\"attachment-thumbnail size-thumbnail\" alt=\"\" loading=\"lazy\" \/><\/a>\n\t\t\t<\/dt><\/dl><br style=\"clear: both\" \/><dl class='gallery-item'>\n\t\t\t<dt class='gallery-icon landscape'>\n\t\t\t\t<a href='https:\/\/www.glassmuseum.eu\/de\/ausstellungen-und-veranstalltungen\/archiv-akci-de\/vanoce-v-muzeu-po-stopach-letokruhu.html\/attachment\/olympus-digital-camera-6-2'><img width=\"150\" height=\"150\" src=\"https:\/\/www.glassmuseum.eu\/wp-content\/uploads\/2014\/11\/PC090787-150x150.jpg\" class=\"attachment-thumbnail size-thumbnail\" alt=\"\" loading=\"lazy\" \/><\/a>\n\t\t\t<\/dt><\/dl><dl class='gallery-item'>\n\t\t\t<dt class='gallery-icon portrait'>\n\t\t\t\t<a href='https:\/\/www.glassmuseum.eu\/de\/ausstellungen-und-veranstalltungen\/archiv-akci-de\/vanoce-v-muzeu-po-stopach-letokruhu.html\/attachment\/olympus-digital-camera-7-2'><img width=\"150\" height=\"150\" src=\"https:\/\/www.glassmuseum.eu\/wp-content\/uploads\/2014\/11\/PC090793-150x150.jpg\" class=\"attachment-thumbnail size-thumbnail\" alt=\"\" loading=\"lazy\" \/><\/a>\n\t\t\t<\/dt><\/dl><dl class='gallery-item'>\n\t\t\t<dt class='gallery-icon portrait'>\n\t\t\t\t<a href='https:\/\/www.glassmuseum.eu\/de\/ausstellungen-und-veranstalltungen\/archiv-akci-de\/vanoce-v-muzeu-po-stopach-letokruhu.html\/attachment\/olympus-digital-camera-8-2'><img width=\"150\" height=\"150\" src=\"https:\/\/www.glassmuseum.eu\/wp-content\/uploads\/2014\/11\/PC090812-150x150.jpg\" class=\"attachment-thumbnail size-thumbnail\" alt=\"\" loading=\"lazy\" \/><\/a>\n\t\t\t<\/dt><\/dl><br style=\"clear: both\" \/><dl class='gallery-item'>\n\t\t\t<dt class='gallery-icon landscape'>\n\t\t\t\t<a href='https:\/\/www.glassmuseum.eu\/de\/ausstellungen-und-veranstalltungen\/archiv-akci-de\/vanoce-v-muzeu-po-stopach-letokruhu.html\/attachment\/olympus-digital-camera-9-2'><img width=\"150\" height=\"150\" src=\"https:\/\/www.glassmuseum.eu\/wp-content\/uploads\/2014\/11\/PC090816-150x150.jpg\" class=\"attachment-thumbnail size-thumbnail\" alt=\"\" loading=\"lazy\" \/><\/a>\n\t\t\t<\/dt><\/dl><dl class='gallery-item'>\n\t\t\t<dt class='gallery-icon portrait'>\n\t\t\t\t<a href='https:\/\/www.glassmuseum.eu\/de\/ausstellungen-und-veranstalltungen\/archiv-akci-de\/vanoce-v-muzeu-po-stopach-letokruhu.html\/attachment\/olympus-digital-camera-11-2'><img width=\"150\" height=\"150\" src=\"https:\/\/www.glassmuseum.eu\/wp-content\/uploads\/2014\/11\/PC090825-150x150.jpg\" class=\"attachment-thumbnail size-thumbnail\" alt=\"\" loading=\"lazy\" \/><\/a>\n\t\t\t<\/dt><\/dl><dl class='gallery-item'>\n\t\t\t<dt class='gallery-icon landscape'>\n\t\t\t\t<a href='https:\/\/www.glassmuseum.eu\/de\/ausstellungen-und-veranstalltungen\/archiv-akci-de\/vanoce-v-muzeu-po-stopach-letokruhu.html\/attachment\/olympus-digital-camera-12-2'><img width=\"150\" height=\"150\" src=\"https:\/\/www.glassmuseum.eu\/wp-content\/uploads\/2014\/11\/PC121038-150x150.jpg\" class=\"attachment-thumbnail size-thumbnail\" alt=\"\" loading=\"lazy\" \/><\/a>\n\t\t\t<\/dt><\/dl><br style=\"clear: both\" \/><dl class='gallery-item'>\n\t\t\t<dt class='gallery-icon landscape'>\n\t\t\t\t<a href='https:\/\/www.glassmuseum.eu\/de\/ausstellungen-und-veranstalltungen\/archiv-akci-de\/vanoce-v-muzeu-po-stopach-letokruhu.html\/attachment\/olympus-digital-camera-13-2'><img width=\"150\" height=\"150\" src=\"https:\/\/www.glassmuseum.eu\/wp-content\/uploads\/2014\/11\/PC141158-150x150.jpg\" class=\"attachment-thumbnail size-thumbnail\" alt=\"\" loading=\"lazy\" \/><\/a>\n\t\t\t<\/dt><\/dl><dl class='gallery-item'>\n\t\t\t<dt class='gallery-icon landscape'>\n\t\t\t\t<a href='https:\/\/www.glassmuseum.eu\/de\/ausstellungen-und-veranstalltungen\/archiv-akci-de\/vanoce-v-muzeu-po-stopach-letokruhu.html\/attachment\/olympus-digital-camera-14-2'><img width=\"150\" height=\"150\" src=\"https:\/\/www.glassmuseum.eu\/wp-content\/uploads\/2014\/11\/PC141163-150x150.jpg\" class=\"attachment-thumbnail size-thumbnail\" alt=\"\" loading=\"lazy\" \/><\/a>\n\t\t\t<\/dt><\/dl><dl class='gallery-item'>\n\t\t\t<dt class='gallery-icon landscape'>\n\t\t\t\t<a href='https:\/\/www.glassmuseum.eu\/de\/ausstellungen-und-veranstalltungen\/archiv-akci-de\/vanoce-v-muzeu-po-stopach-letokruhu.html\/attachment\/olympus-digital-camera-15-2'><img width=\"150\" height=\"150\" src=\"https:\/\/www.glassmuseum.eu\/wp-content\/uploads\/2014\/11\/PC141179-150x150.jpg\" class=\"attachment-thumbnail size-thumbnail\" alt=\"\" loading=\"lazy\" \/><\/a>\n\t\t\t<\/dt><\/dl><br style=\"clear: both\" \/>\n\t\t<\/div>\n\n<div><\/div>\n<div>\n<hr \/>\n<\/div>\n","protected":false},"excerpt":{"rendered":"<p>Leto\u0161n\u00ed, ji\u017e \u0161est\u00fd ro\u010dn\u00edk V\u00e1noc v\u00a0muzeu od 8. do 19. prosince 2014 jsme se zam\u011b\u0159ili na vyu\u017eit\u00ed d\u0159eva ve skl\u00e1\u0159stv\u00ed. V\u00a0t\u00fddnu od 8. do 12. prosince 2014 jsme p\u0159iv\u00edtali d\u011bti ze z\u00e1kladn\u00edch a mate\u0159sk\u00fdch \u0161kol. Pro velk\u00fd z\u00e1jem jsme museli p\u0159idat i dva dny v\u00a0n\u00e1sleduj\u00edc\u00edm t\u00fddnu 17. a 18. prosince 2014. O v\u00edkendu 13. a [&hellip;]<\/p>\n","protected":false},"author":2,"featured_media":0,"comment_status":"closed","ping_status":"closed","sticky":false,"template":"","format":"standard","meta":{"_mi_skip_tracking":false},"categories":[28],"tags":[],"_links":{"self":[{"href":"https:\/\/www.glassmuseum.eu\/de\/wp-json\/wp\/v2\/posts\/467"}],"collection":[{"href":"https:\/\/www.glassmuseum.eu\/de\/wp-json\/wp\/v2\/posts"}],"about":[{"href":"https:\/\/www.glassmuseum.eu\/de\/wp-json\/wp\/v2\/types\/post"}],"author":[{"embeddable":true,"href":"https:\/\/www.glassmuseum.eu\/de\/wp-json\/wp\/v2\/users\/2"}],"replies":[{"embeddable":true,"href":"https:\/\/www.glassmuseum.eu\/de\/wp-json\/wp\/v2\/comments?post=467"}],"version-history":[{"count":0,"href":"https:\/\/www.glassmuseum.eu\/de\/wp-json\/wp\/v2\/posts\/467\/revisions"}],"wp:attachment":[{"href":"https:\/\/www.glassmuseum.eu\/de\/wp-json\/wp\/v2\/media?parent=467"}],"wp:term":[{"taxonomy":"category","embeddable":true,"href":"https:\/\/www.glassmuseum.eu\/de\/wp-json\/wp\/v2\/categories?post=467"},{"taxonomy":"post_tag","embeddable":true,"href":"https:\/\/www.glassmuseum.eu\/de\/wp-json\/wp\/v2\/tags?post=467"}],"curies":[{"name":"wp","href":"https:\/\/api.w.org\/{rel}","templated":true}]}}