{"id":157,"date":"2014-09-15T12:16:50","date_gmt":"2014-09-15T10:16:50","guid":{"rendered":"http:\/\/www.glassmuseum.eu\/?p=157"},"modified":"2014-11-20T12:52:47","modified_gmt":"2014-11-20T11:52:47","slug":"ausstellung-20-jahre-ajeto-lindava","status":"publish","type":"post","link":"https:\/\/www.glassmuseum.eu\/de\/ausstellungen-und-veranstalltungen\/ausstellung-20-jahre-ajeto-lindava.html","title":{"rendered":"Ausstellung 20 Jahre AJETO Lindava"},"content":{"rendered":"<p><a href=\"http:\/\/www.glassmuseum.eu\/wp-content\/uploads\/2014\/07\/lindava_plakat.jpg\"><img loading=\"lazy\" class=\"alignnone wp-image-29\" src=\"http:\/\/www.glassmuseum.eu\/wp-content\/uploads\/2014\/07\/lindava_plakat-600x848.jpg\" alt=\"lindava_plakat\" width=\"318\" height=\"450\" srcset=\"https:\/\/www.glassmuseum.eu\/wp-content\/uploads\/2014\/07\/lindava_plakat-600x848.jpg 600w, https:\/\/www.glassmuseum.eu\/wp-content\/uploads\/2014\/07\/lindava_plakat-212x300.jpg 212w, https:\/\/www.glassmuseum.eu\/wp-content\/uploads\/2014\/07\/lindava_plakat-724x1024.jpg 724w, https:\/\/www.glassmuseum.eu\/wp-content\/uploads\/2014\/07\/lindava_plakat.jpg 800w\" sizes=\"(max-width: 318px) 100vw, 318px\" \/><\/a><\/p>\n<p>Eine retrospektive Ausstellung stellt die zwanzigj\u00e4hrige T\u00e4tigkeit der Gesellschaft AJETO LINDAVA vor. Au\u00dfergew\u00f6hnlichkeit der Ausstellung liegt besonders in verschiedenartigen Werken, die bisher im Musterraum der Glash\u00fctte versteckt wurden. Der Besucher wird ebenso mit der Reihe der K\u00fcnstler, Designer, Architekten und Glasmachern bekannt, die durch seine Arbeit mit Lindauer H\u00fctte verbunden waren und sind.<\/p>\n<hr \/>\n<p>&nbsp;<\/p>\n","protected":false},"excerpt":{"rendered":"<p>Eine retrospektive Ausstellung stellt die zwanzigj\u00e4hrige T\u00e4tigkeit der Gesellschaft AJETO LINDAVA vor. Au\u00dfergew\u00f6hnlichkeit der Ausstellung liegt besonders in verschiedenartigen Werken, die bisher im Musterraum der Glash\u00fctte versteckt wurden. Der Besucher wird ebenso mit der Reihe der K\u00fcnstler, Designer, Architekten und Glasmachern bekannt, die durch seine Arbeit mit Lindauer H\u00fctte verbunden waren und sind. &nbsp;<\/p>\n","protected":false},"author":1,"featured_media":0,"comment_status":"closed","ping_status":"closed","sticky":false,"template":"","format":"standard","meta":{"_mi_skip_tracking":false},"categories":[],"tags":[],"_links":{"self":[{"href":"https:\/\/www.glassmuseum.eu\/de\/wp-json\/wp\/v2\/posts\/157"}],"collection":[{"href":"https:\/\/www.glassmuseum.eu\/de\/wp-json\/wp\/v2\/posts"}],"about":[{"href":"https:\/\/www.glassmuseum.eu\/de\/wp-json\/wp\/v2\/types\/post"}],"author":[{"embeddable":true,"href":"https:\/\/www.glassmuseum.eu\/de\/wp-json\/wp\/v2\/users\/1"}],"replies":[{"embeddable":true,"href":"https:\/\/www.glassmuseum.eu\/de\/wp-json\/wp\/v2\/comments?post=157"}],"version-history":[{"count":0,"href":"https:\/\/www.glassmuseum.eu\/de\/wp-json\/wp\/v2\/posts\/157\/revisions"}],"wp:attachment":[{"href":"https:\/\/www.glassmuseum.eu\/de\/wp-json\/wp\/v2\/media?parent=157"}],"wp:term":[{"taxonomy":"category","embeddable":true,"href":"https:\/\/www.glassmuseum.eu\/de\/wp-json\/wp\/v2\/categories?post=157"},{"taxonomy":"post_tag","embeddable":true,"href":"https:\/\/www.glassmuseum.eu\/de\/wp-json\/wp\/v2\/tags?post=157"}],"curies":[{"name":"wp","href":"https:\/\/api.w.org\/{rel}","templated":true}]}}